{"id":34430,"date":"2024-07-30T10:48:36","date_gmt":"2024-07-30T10:48:36","guid":{"rendered":"https:\/\/www.exp1.com\/blog\/?p=34430"},"modified":"2025-11-30T12:47:23","modified_gmt":"2025-11-30T12:47:23","slug":"how-to-visit-park-guell-in-barcelona","status":"publish","type":"post","link":"https:\/\/www.exp1.com\/blog\/how-to-visit-park-guell-in-barcelona\/","title":{"rendered":"How To Visit Park G\u00fcell in Barcelona"},"content":{"rendered":"\n<p>Planning to visit Park G\u00fcell on your trip to Barcelona? It\u2019s a must-see in the city, and this guide will help you know what to look for in this architectural playground and understand why it\u2019s important. If you like this post, I highly recommend to check out some guided <a href=\"https:\/\/www.exp1.com\/barcelona-tours\/\" data-type=\"link\" data-id=\"https:\/\/www.exp1.com\/barcelona-tours\/\">tours of Barcelona<\/a>.<\/p>\n\n\n\n<p>But first off, notice anything interesting about the name Park G\u00fcell? Obviously, it\u2019s not called Park Gaud\u00ed, even though this whimsical landmark is marked with the Catalan architect\u2019s signature modernist style.<\/p>\n\n\n\n<figure class=\"wp-block-image size-full\"><img loading=\"lazy\" decoding=\"async\" width=\"1920\" height=\"1280\" src=\"https:\/\/www.exp1.com\/blog\/wp-content\/uploads\/sites\/7\/2023\/11\/Park-Guell-in-Barcelona-1.jpg\" alt=\"Park Gu\u0308ell in Barcelona\" class=\"wp-image-34432\" srcset=\"https:\/\/www.exp1.com\/wp-content\/uploads\/sites\/7\/2023\/11\/Park-Guell-in-Barcelona-1.jpg 1920w, https:\/\/www.exp1.com\/wp-content\/uploads\/sites\/7\/2023\/11\/Park-Guell-in-Barcelona-1-300x200.jpg 300w, https:\/\/www.exp1.com\/wp-content\/uploads\/sites\/7\/2023\/11\/Park-Guell-in-Barcelona-1-1024x683.jpg 1024w, https:\/\/www.exp1.com\/wp-content\/uploads\/sites\/7\/2023\/11\/Park-Guell-in-Barcelona-1-768x512.jpg 768w, https:\/\/www.exp1.com\/wp-content\/uploads\/sites\/7\/2023\/11\/Park-Guell-in-Barcelona-1-1536x1024.jpg 1536w, https:\/\/www.exp1.com\/wp-content\/uploads\/sites\/7\/2023\/11\/Park-Guell-in-Barcelona-1-660x440.jpg 660w, https:\/\/www.exp1.com\/wp-content\/uploads\/sites\/7\/2023\/11\/Park-Guell-in-Barcelona-1-500x333.jpg 500w, https:\/\/www.exp1.com\/wp-content\/uploads\/sites\/7\/2023\/11\/Park-Guell-in-Barcelona-1-160x107.jpg 160w, https:\/\/www.exp1.com\/wp-content\/uploads\/sites\/7\/2023\/11\/Park-Guell-in-Barcelona-1-150x100.jpg 150w\" sizes=\"(max-width: 1920px) 100vw, 1920px\" \/><\/figure>\n\n\n\n<p>That\u2019s not all that stands out, though.<\/p>\n\n\n\n<p>\u201cPark\u201d isn\u2019t in Catalan (Parc G\u00fcell) or even in Spanish (Parque G\u00fcell) \u2014 it\u2019s in English. Why? Gaud\u00ed used the English \u201cpark\u201d as a nod to the 20th-century British garden city movement that inspired him. In his design for what was originally a housing development for wealthy families, Gaud\u00ed wanted to recreate the self-sufficient recreational parks being built in Britain.&nbsp;&nbsp;<\/p>\n\n\n\n<p>The other half of the park\u2019s name comes from Eusebi G\u00fcell, the man who commissioned Gaud\u00ed to bring his idea for a housing community to life. G\u00fcell was a Catalan industrialist whose relationship with Gaud\u00ed started in the late 19th century, after he first saw and admired the designer\u2019s work at the Paris Universal Exhibition of 1878. He entrusted Gaud\u00ed with several projects, including the construction of his home Palau G\u00fcell that <a href=\"https:\/\/www.exp1.com\/blog\/what-to-see-do-and-skip-while-walking-on-la-rambla-in-barcelona\/\">you can visit during one of your walks on La Rambla<\/a>.<\/p>\n\n\n\n<p>In 1900, production began on Park G\u00fcell. The idea was to attract families to purchase one of the 60 triangular plots of land and build a house to live in. Located on Carmel Hill, part of the Collserola mountain range, Eusebi G\u00fcell hoped the site\u2019s beautiful views and fresh air would entice people to move.<\/p>\n\n\n\n\t<section class=\"bannerPromo\">\n\t\t<div class=\"container\">\n\n\t\t\t<!-- section heading  -->\n\t\t\t\n\t\t\t<!-- section banners -->\n\t\t\t<div class=\"bannerPromo__wrapper gallery__main\">\n\t\t\t\t\n\t\t\t\t<div class=\"bannerPromo__items \">\n\t\t\t\t\t\t<div class=\"bannerPromo__card theme-default \">\n\t\t<div class=\"bannerPromo__cover\">\n\t\t\t<img decoding=\"async\" class=\"bigCircle\" src=\"https:\/\/www.exp1.com\/wp-content\/uploads\/sites\/7\/2023\/11\/Sagrada-Familia-Outdoor-Walking-Tour-500x500.jpeg\" srcset=\"https:\/\/www.exp1.com\/wp-content\/uploads\/sites\/7\/2023\/11\/Sagrada-Familia-Outdoor-Walking-Tour-500x500.jpeg 500w, https:\/\/www.exp1.com\/wp-content\/uploads\/sites\/7\/2023\/11\/Sagrada-Familia-Outdoor-Walking-Tour-150x150.jpeg 150w, https:\/\/www.exp1.com\/wp-content\/uploads\/sites\/7\/2023\/11\/Sagrada-Familia-Outdoor-Walking-Tour-250x250.jpeg 250w, https:\/\/www.exp1.com\/wp-content\/uploads\/sites\/7\/2023\/11\/Sagrada-Familia-Outdoor-Walking-Tour-125x125.jpeg 125w, https:\/\/www.exp1.com\/wp-content\/uploads\/sites\/7\/2023\/11\/Sagrada-Familia-Outdoor-Walking-Tour-100x100.jpeg 100w, https:\/\/www.exp1.com\/wp-content\/uploads\/sites\/7\/2023\/11\/Sagrada-Familia-Outdoor-Walking-Tour-96x96.jpeg 96w\" sizes=\"(max-width: 500px) 100vw, 500px\" alt=\"Sagrada Fami\u0301lia Outdoor Walking Tour\" loading=\"lazy\"\/>\n\t\t\t<img decoding=\"async\" class=\"smallCircle\" src=\"https:\/\/www.exp1.com\/wp-content\/uploads\/sites\/7\/2023\/11\/Sagrada-Familia-Outdoor-Walking-Tour-1-250x250.jpeg\" srcset=\"https:\/\/www.exp1.com\/wp-content\/uploads\/sites\/7\/2023\/11\/Sagrada-Familia-Outdoor-Walking-Tour-1-250x250.jpeg 250w, https:\/\/www.exp1.com\/wp-content\/uploads\/sites\/7\/2023\/11\/Sagrada-Familia-Outdoor-Walking-Tour-1-150x150.jpeg 150w, https:\/\/www.exp1.com\/wp-content\/uploads\/sites\/7\/2023\/11\/Sagrada-Familia-Outdoor-Walking-Tour-1-500x500.jpeg 500w, https:\/\/www.exp1.com\/wp-content\/uploads\/sites\/7\/2023\/11\/Sagrada-Familia-Outdoor-Walking-Tour-1-125x125.jpeg 125w, https:\/\/www.exp1.com\/wp-content\/uploads\/sites\/7\/2023\/11\/Sagrada-Familia-Outdoor-Walking-Tour-1-100x100.jpeg 100w, https:\/\/www.exp1.com\/wp-content\/uploads\/sites\/7\/2023\/11\/Sagrada-Familia-Outdoor-Walking-Tour-1-96x96.jpeg 96w\" sizes=\"(max-width: 250px) 100vw, 250px\" alt=\"Sagrada Fami\u0301lia Outdoor Walking Tour\" loading=\"lazy\"\/>\n\t\t<\/div>\n\t\t<div class=\"bannerPromo__content\">\n\t\t\t\t\t\t\t<span class=\"bannerPromo__caption\">Symbols and secrets of Gaud\u00ed\u2019s unfinished masterpiece<\/span>\n\t\t\t\n\t\t\t\t\t\t\t<p class=\"bannerPromo__title\">Sagrada Fam\u00edlia Outdoor Walking Tour With Entry Ticket<\/p>\n\t\t\t\n\t\t\t\n\t\t\t<a class=\"bannerPromo__link\" href=\"https:\/\/www.exp1.com\/barcelona-tours\/sagrada-familia-tour\/\" target=\"\">\n\t\t\t\tLearn More\t\t\t<\/a>\n\t\t<\/div>\n\t<\/div>\n\t\t\t\t<\/div>\n\t\t\t<\/div>\n\t\t<\/div>\n\t<\/section>\n\n\n\n\n<p>The housing development wasn\u2019t as popular as G\u00fcell and Gaud\u00ed hoped it would be. Gaud\u00ed\u2019s intention was to save the topography of the land with his design \u2014 every path, viaduct, and staircase in Park G\u00fcell feels like it\u2019s a natural part of the landscape \u2014 which meant there were strict rules to follow for building a home on one of the plots. For example, a house couldn\u2019t be built high enough to obstruct other tenants\u2019 views or block the sun from hitting their land.&nbsp;<\/p>\n\n\n\n<p>By 1914, only two plots of land were purchased by Gaud\u00ed and G\u00fcell, who each built homes in the park. Eusebi G\u00fcell died in his home in 1918, and his family donated what had essentially become a large private garden with a Willy Wonka vibe to the city. In 1963, Gaud\u00ed\u2019s house inside Park G\u00fcell also opened to the public as Casa Museu Gaud\u00ed.<\/p>\n\n\n\n<figure class=\"wp-block-image size-full\"><img loading=\"lazy\" decoding=\"async\" width=\"1517\" height=\"1011\" src=\"https:\/\/www.exp1.com\/wp-content\/uploads\/sites\/7\/2025\/11\/Park-Guell-in-Barcelona-2_1_79.jpg\" alt=\"\" class=\"wp-image-38158\" srcset=\"https:\/\/www.exp1.com\/wp-content\/uploads\/sites\/7\/2025\/11\/Park-Guell-in-Barcelona-2_1_79.jpg 1517w, https:\/\/www.exp1.com\/wp-content\/uploads\/sites\/7\/2025\/11\/Park-Guell-in-Barcelona-2_1_79-300x200.jpg 300w, https:\/\/www.exp1.com\/wp-content\/uploads\/sites\/7\/2025\/11\/Park-Guell-in-Barcelona-2_1_79-1024x682.jpg 1024w, https:\/\/www.exp1.com\/wp-content\/uploads\/sites\/7\/2025\/11\/Park-Guell-in-Barcelona-2_1_79-768x512.jpg 768w, https:\/\/www.exp1.com\/wp-content\/uploads\/sites\/7\/2025\/11\/Park-Guell-in-Barcelona-2_1_79-660x440.jpg 660w, https:\/\/www.exp1.com\/wp-content\/uploads\/sites\/7\/2025\/11\/Park-Guell-in-Barcelona-2_1_79-500x333.jpg 500w, https:\/\/www.exp1.com\/wp-content\/uploads\/sites\/7\/2025\/11\/Park-Guell-in-Barcelona-2_1_79-160x107.jpg 160w, https:\/\/www.exp1.com\/wp-content\/uploads\/sites\/7\/2025\/11\/Park-Guell-in-Barcelona-2_1_79-150x100.jpg 150w\" sizes=\"(max-width: 1517px) 100vw, 1517px\" \/><\/figure>\n\n\n\n<p>Park G\u00fcell may have failed as a housing development, but today it\u2019s a UNESCO cultural heritage site that attracts 9 million visitors a year. In this post, you\u2019ll learn more about visiting Gaud\u00ed\u2019s natural modernist park.&nbsp;&nbsp;<\/p>\n\n\n\n<h2 class=\"wp-block-heading\">What to see in Park G\u00fcell<\/h2>\n\n\n\n<p>Park G\u00fcell is sometimes called \u201ca playground for the mind\u201d with its structures that mimic or seem to grow out of the landscape.&nbsp;<\/p>\n\n\n\n<p>Large columns look like palm tree trunks, a mosaic dragon greets visitors as they walk up and down a divided stairway, and no structure within the park is built to follow a straight line because that wouldn\u2019t be \u201cnatural.\u201d Nature was always a source of inspiration for Gaud\u00ed, and it shows in his playful design of what was meant to be a city within a city.&nbsp;<\/p>\n\n\n\n<p>Here are some of the most popular sites.&nbsp;<\/p>\n\n\n\n<h3 class=\"wp-block-heading\">1. The Dragon Stairway&nbsp;<\/h3>\n\n\n\n<figure class=\"wp-block-image size-full\"><img loading=\"lazy\" decoding=\"async\" width=\"1920\" height=\"1100\" src=\"https:\/\/www.exp1.com\/blog\/wp-content\/uploads\/sites\/7\/2023\/11\/Park-Guell-in-Barcelona-3.jpg\" alt=\"Park Gu\u0308ell in Barcelona\" class=\"wp-image-34436\" srcset=\"https:\/\/www.exp1.com\/wp-content\/uploads\/sites\/7\/2023\/11\/Park-Guell-in-Barcelona-3.jpg 1920w, https:\/\/www.exp1.com\/wp-content\/uploads\/sites\/7\/2023\/11\/Park-Guell-in-Barcelona-3-300x172.jpg 300w, https:\/\/www.exp1.com\/wp-content\/uploads\/sites\/7\/2023\/11\/Park-Guell-in-Barcelona-3-1024x587.jpg 1024w, https:\/\/www.exp1.com\/wp-content\/uploads\/sites\/7\/2023\/11\/Park-Guell-in-Barcelona-3-768x440.jpg 768w, https:\/\/www.exp1.com\/wp-content\/uploads\/sites\/7\/2023\/11\/Park-Guell-in-Barcelona-3-1536x880.jpg 1536w, https:\/\/www.exp1.com\/wp-content\/uploads\/sites\/7\/2023\/11\/Park-Guell-in-Barcelona-3-500x286.jpg 500w, https:\/\/www.exp1.com\/wp-content\/uploads\/sites\/7\/2023\/11\/Park-Guell-in-Barcelona-3-160x92.jpg 160w, https:\/\/www.exp1.com\/wp-content\/uploads\/sites\/7\/2023\/11\/Park-Guell-in-Barcelona-3-150x86.jpg 150w\" sizes=\"(max-width: 1920px) 100vw, 1920px\" \/><\/figure>\n\n\n\n<p>Twin flights of stairs that are divided into three sections mark the grand entrance of the park. There\u2019s something to see on each landing, but the smiling dragon covered with decorative mosaic tiles, fondly known as El Drac, is on the second one.<\/p>\n\n\n\n<figure class=\"wp-block-image size-full\"><img loading=\"lazy\" decoding=\"async\" width=\"1920\" height=\"1087\" src=\"https:\/\/www.exp1.com\/blog\/wp-content\/uploads\/sites\/7\/2023\/11\/Park-Guell-in-Barcelona-4.jpg\" alt=\"Park Gu\u0308ell in Barcelona\" class=\"wp-image-34437\" srcset=\"https:\/\/www.exp1.com\/wp-content\/uploads\/sites\/7\/2023\/11\/Park-Guell-in-Barcelona-4.jpg 1920w, https:\/\/www.exp1.com\/wp-content\/uploads\/sites\/7\/2023\/11\/Park-Guell-in-Barcelona-4-300x170.jpg 300w, https:\/\/www.exp1.com\/wp-content\/uploads\/sites\/7\/2023\/11\/Park-Guell-in-Barcelona-4-1024x580.jpg 1024w, https:\/\/www.exp1.com\/wp-content\/uploads\/sites\/7\/2023\/11\/Park-Guell-in-Barcelona-4-768x435.jpg 768w, https:\/\/www.exp1.com\/wp-content\/uploads\/sites\/7\/2023\/11\/Park-Guell-in-Barcelona-4-1536x870.jpg 1536w, https:\/\/www.exp1.com\/wp-content\/uploads\/sites\/7\/2023\/11\/Park-Guell-in-Barcelona-4-500x283.jpg 500w, https:\/\/www.exp1.com\/wp-content\/uploads\/sites\/7\/2023\/11\/Park-Guell-in-Barcelona-4-160x91.jpg 160w, https:\/\/www.exp1.com\/wp-content\/uploads\/sites\/7\/2023\/11\/Park-Guell-in-Barcelona-4-150x85.jpg 150w\" sizes=\"(max-width: 1920px) 100vw, 1920px\" \/><\/figure>\n\n\n\n<p>Visitors love taking pictures of or selfies with this colorful lizard that Gaud\u00ed created using his \u201ctrencad\u00eds\u201d technique, where broken shards of mosaic tiles are laid asymmetrically. You\u2019ll notice this style throughout the park, but it\u2019s a little unexpected to take the shape of a lizard.&nbsp;<\/p>\n\n\n\n<div class=\"blog_related\">\n\t<div class=\"title\">Related<\/div>\n\t<div class=\"content\">\n\t\t<p><a href=\"https:\/\/www.exp1.com\/blog\/what-to-see-and-do-in-ciutadella-park-barcelonas-largest-urban-park\/\">More Gaud\u00ed on a &#8220;monumental&#8221; scale in Ciutadella Park<\/a><!-- wp:acf\/blog-related {\"name\":\"acf\/blog-related\",\"data\":{\"content\":\"\\u003ca href=\\u0022https:\/\/www.exp1.com\/new-york-tours\/911-memorial-and-museum-insider-tour\/\\u0022\\u003eFirsthand stories from those who remember\\u003c\/a\\u003e\",\"_content\":\"field_6087f3d970e14\"},\"mode\":\"edit\"} \/--><\/p>\n\t<\/div>\n<\/div>\n\n\n\n<h3 class=\"wp-block-heading\">2. The Hypostyle Room<\/h3>\n\n\n\n<figure class=\"wp-block-image size-large\"><img loading=\"lazy\" decoding=\"async\" width=\"1024\" height=\"575\" src=\"https:\/\/www.exp1.com\/blog\/wp-content\/uploads\/sites\/7\/2023\/11\/Park-Guell-in-Barcelona-5-1024x575.jpg\" alt=\"Park Gu\u0308ell in Barcelona\" class=\"wp-image-34438\" srcset=\"https:\/\/www.exp1.com\/wp-content\/uploads\/sites\/7\/2023\/11\/Park-Guell-in-Barcelona-5-1024x575.jpg 1024w, https:\/\/www.exp1.com\/wp-content\/uploads\/sites\/7\/2023\/11\/Park-Guell-in-Barcelona-5-300x169.jpg 300w, https:\/\/www.exp1.com\/wp-content\/uploads\/sites\/7\/2023\/11\/Park-Guell-in-Barcelona-5-768x431.jpg 768w, https:\/\/www.exp1.com\/wp-content\/uploads\/sites\/7\/2023\/11\/Park-Guell-in-Barcelona-5-500x281.jpg 500w, https:\/\/www.exp1.com\/wp-content\/uploads\/sites\/7\/2023\/11\/Park-Guell-in-Barcelona-5-160x90.jpg 160w, https:\/\/www.exp1.com\/wp-content\/uploads\/sites\/7\/2023\/11\/Park-Guell-in-Barcelona-5-150x84.jpg 150w, https:\/\/www.exp1.com\/wp-content\/uploads\/sites\/7\/2023\/11\/Park-Guell-in-Barcelona-5.jpg 1280w\" sizes=\"(max-width: 1024px) 100vw, 1024px\" \/><\/figure>\n\n\n\n<p>If you can imagine a large, bustling market on a Saturday morning happening in the Hypostyle Room, that\u2019s actually what Gaud\u00ed intended. He wanted to have a marketplace where residents on the estate could gather and shop.<\/p>\n\n\n\n<figure class=\"wp-block-image size-full\"><img loading=\"lazy\" decoding=\"async\" width=\"1920\" height=\"1440\" src=\"https:\/\/www.exp1.com\/blog\/wp-content\/uploads\/sites\/7\/2023\/11\/The-Hypostyle-Room.jpg\" alt=\"The Hypostyle Room\" class=\"wp-image-34439\" srcset=\"https:\/\/www.exp1.com\/wp-content\/uploads\/sites\/7\/2023\/11\/The-Hypostyle-Room.jpg 1920w, https:\/\/www.exp1.com\/wp-content\/uploads\/sites\/7\/2023\/11\/The-Hypostyle-Room-300x225.jpg 300w, https:\/\/www.exp1.com\/wp-content\/uploads\/sites\/7\/2023\/11\/The-Hypostyle-Room-1024x768.jpg 1024w, https:\/\/www.exp1.com\/wp-content\/uploads\/sites\/7\/2023\/11\/The-Hypostyle-Room-768x576.jpg 768w, https:\/\/www.exp1.com\/wp-content\/uploads\/sites\/7\/2023\/11\/The-Hypostyle-Room-1536x1152.jpg 1536w, https:\/\/www.exp1.com\/wp-content\/uploads\/sites\/7\/2023\/11\/The-Hypostyle-Room-500x375.jpg 500w, https:\/\/www.exp1.com\/wp-content\/uploads\/sites\/7\/2023\/11\/The-Hypostyle-Room-400x300.jpg 400w, https:\/\/www.exp1.com\/wp-content\/uploads\/sites\/7\/2023\/11\/The-Hypostyle-Room-160x120.jpg 160w, https:\/\/www.exp1.com\/wp-content\/uploads\/sites\/7\/2023\/11\/The-Hypostyle-Room-150x113.jpg 150w\" sizes=\"(max-width: 1920px) 100vw, 1920px\" \/><\/figure>\n\n\n\n<p>After climbing the stairs, you\u2019re surrounded by 86 towering columns that support the much-photographed serpentine bench that rests above it. <\/p>\n\n\n\n<p>Gaud\u00ed was inspired by classic architecture, but he always put his own spin on it. While these columns look like Greek or Roman remnants, he defied the rules of classical composition by placing some of the columns on a slant rather than a straight line.&nbsp;&nbsp;<\/p>\n\n\n\n<figure class=\"wp-block-image size-full is-resized\"><img loading=\"lazy\" decoding=\"async\" width=\"1920\" height=\"1280\" src=\"https:\/\/www.exp1.com\/blog\/wp-content\/uploads\/sites\/7\/2023\/11\/The-Hypostyle-Room-1.jpg\" alt=\"The Hypostyle Room\" class=\"wp-image-34440\" style=\"aspect-ratio:1.5;width:840px;height:auto\" srcset=\"https:\/\/www.exp1.com\/wp-content\/uploads\/sites\/7\/2023\/11\/The-Hypostyle-Room-1.jpg 1920w, https:\/\/www.exp1.com\/wp-content\/uploads\/sites\/7\/2023\/11\/The-Hypostyle-Room-1-300x200.jpg 300w, https:\/\/www.exp1.com\/wp-content\/uploads\/sites\/7\/2023\/11\/The-Hypostyle-Room-1-1024x683.jpg 1024w, https:\/\/www.exp1.com\/wp-content\/uploads\/sites\/7\/2023\/11\/The-Hypostyle-Room-1-768x512.jpg 768w, https:\/\/www.exp1.com\/wp-content\/uploads\/sites\/7\/2023\/11\/The-Hypostyle-Room-1-1536x1024.jpg 1536w, https:\/\/www.exp1.com\/wp-content\/uploads\/sites\/7\/2023\/11\/The-Hypostyle-Room-1-660x440.jpg 660w, https:\/\/www.exp1.com\/wp-content\/uploads\/sites\/7\/2023\/11\/The-Hypostyle-Room-1-500x333.jpg 500w, https:\/\/www.exp1.com\/wp-content\/uploads\/sites\/7\/2023\/11\/The-Hypostyle-Room-1-160x107.jpg 160w, https:\/\/www.exp1.com\/wp-content\/uploads\/sites\/7\/2023\/11\/The-Hypostyle-Room-1-150x100.jpg 150w\" sizes=\"(max-width: 1920px) 100vw, 1920px\" \/><\/figure>\n\n\n\n<p>Don\u2019t just pay attention to the columns when you\u2019re in the Hypostyle Room \u2014 look up! The ceiling is decorated with tile-shard mosaics designed by Gaud\u00ed\u2019s assistant, the Spanish architect Josep M. Jujol.<\/p>\n\n\n\n<h3 class=\"wp-block-heading\">3. The Serpentine Bench&nbsp;<\/h3>\n\n\n\n<figure class=\"wp-block-image size-full\"><img loading=\"lazy\" decoding=\"async\" width=\"1280\" height=\"960\" src=\"https:\/\/www.exp1.com\/blog\/wp-content\/uploads\/sites\/7\/2023\/11\/Serpentine-Bench.jpg\" alt=\"The Serpentine Bench\" class=\"wp-image-34441\" srcset=\"https:\/\/www.exp1.com\/wp-content\/uploads\/sites\/7\/2023\/11\/Serpentine-Bench.jpg 1280w, https:\/\/www.exp1.com\/wp-content\/uploads\/sites\/7\/2023\/11\/Serpentine-Bench-300x225.jpg 300w, https:\/\/www.exp1.com\/wp-content\/uploads\/sites\/7\/2023\/11\/Serpentine-Bench-1024x768.jpg 1024w, https:\/\/www.exp1.com\/wp-content\/uploads\/sites\/7\/2023\/11\/Serpentine-Bench-768x576.jpg 768w, https:\/\/www.exp1.com\/wp-content\/uploads\/sites\/7\/2023\/11\/Serpentine-Bench-500x375.jpg 500w, https:\/\/www.exp1.com\/wp-content\/uploads\/sites\/7\/2023\/11\/Serpentine-Bench-400x300.jpg 400w, https:\/\/www.exp1.com\/wp-content\/uploads\/sites\/7\/2023\/11\/Serpentine-Bench-160x120.jpg 160w, https:\/\/www.exp1.com\/wp-content\/uploads\/sites\/7\/2023\/11\/Serpentine-Bench-150x113.jpg 150w\" sizes=\"(max-width: 1280px) 100vw, 1280px\" \/><\/figure>\n\n\n\n<p>ne of the best views of Park G\u00fcell is from Gaud\u00ed\u2019s Serpentine Bench, located in the Nature Square. Like El Drac, the 360-foot-long bench is made of colorful tile shards in the Trencadis mosaic style.<\/p>\n\n\n\n<p>But what\u2019s most striking is its shape. Gaud\u00ed\u2019s obsession with serpents is evident in how the bench seems to move like the body of a snake slithering on the ground.&nbsp;&nbsp;&nbsp;<\/p>\n\n\n\n<p>The curves of the bench uniquely form small enclaves where people could converse privately in a large social square. Gaud\u00ed even designed the bench to collect rainwater and drain out through holes in the backrest to a gutter on the other side, so people would never have to sit on a wet bench.&nbsp;<\/p>\n\n\n\n<figure class=\"wp-block-image size-full\"><img loading=\"lazy\" decoding=\"async\" width=\"1920\" height=\"1268\" src=\"https:\/\/www.exp1.com\/blog\/wp-content\/uploads\/sites\/7\/2023\/11\/Serpentine-Bench-1.jpg\" alt=\"Serpentine Bench\" class=\"wp-image-34442\" srcset=\"https:\/\/www.exp1.com\/wp-content\/uploads\/sites\/7\/2023\/11\/Serpentine-Bench-1.jpg 1920w, https:\/\/www.exp1.com\/wp-content\/uploads\/sites\/7\/2023\/11\/Serpentine-Bench-1-300x198.jpg 300w, https:\/\/www.exp1.com\/wp-content\/uploads\/sites\/7\/2023\/11\/Serpentine-Bench-1-1024x676.jpg 1024w, https:\/\/www.exp1.com\/wp-content\/uploads\/sites\/7\/2023\/11\/Serpentine-Bench-1-768x507.jpg 768w, https:\/\/www.exp1.com\/wp-content\/uploads\/sites\/7\/2023\/11\/Serpentine-Bench-1-1536x1014.jpg 1536w, https:\/\/www.exp1.com\/wp-content\/uploads\/sites\/7\/2023\/11\/Serpentine-Bench-1-1000x660.jpg 1000w, https:\/\/www.exp1.com\/wp-content\/uploads\/sites\/7\/2023\/11\/Serpentine-Bench-1-500x330.jpg 500w, https:\/\/www.exp1.com\/wp-content\/uploads\/sites\/7\/2023\/11\/Serpentine-Bench-1-160x106.jpg 160w, https:\/\/www.exp1.com\/wp-content\/uploads\/sites\/7\/2023\/11\/Serpentine-Bench-1-150x99.jpg 150w\" sizes=\"(max-width: 1920px) 100vw, 1920px\" \/><\/figure>\n\n\n\n<p>The bench encloses the space known as the Nature Garden, formerly known as the Greek Theatre, which was designed to host open-air shows for residents to watch from the terraces of their homes (the 58 homes that were never built).<\/p>\n\n\n\n<h3 class=\"wp-block-heading\">4. The Washerwoman Portico<\/h3>\n\n\n\n<figure class=\"wp-block-image size-full\"><img loading=\"lazy\" decoding=\"async\" width=\"1280\" height=\"960\" src=\"https:\/\/www.exp1.com\/blog\/wp-content\/uploads\/sites\/7\/2023\/11\/Washerwoman-Portico.jpg\" alt=\"Washerwoman Portico\" class=\"wp-image-34443\" srcset=\"https:\/\/www.exp1.com\/wp-content\/uploads\/sites\/7\/2023\/11\/Washerwoman-Portico.jpg 1280w, https:\/\/www.exp1.com\/wp-content\/uploads\/sites\/7\/2023\/11\/Washerwoman-Portico-300x225.jpg 300w, https:\/\/www.exp1.com\/wp-content\/uploads\/sites\/7\/2023\/11\/Washerwoman-Portico-1024x768.jpg 1024w, https:\/\/www.exp1.com\/wp-content\/uploads\/sites\/7\/2023\/11\/Washerwoman-Portico-768x576.jpg 768w, https:\/\/www.exp1.com\/wp-content\/uploads\/sites\/7\/2023\/11\/Washerwoman-Portico-500x375.jpg 500w, https:\/\/www.exp1.com\/wp-content\/uploads\/sites\/7\/2023\/11\/Washerwoman-Portico-400x300.jpg 400w, https:\/\/www.exp1.com\/wp-content\/uploads\/sites\/7\/2023\/11\/Washerwoman-Portico-160x120.jpg 160w, https:\/\/www.exp1.com\/wp-content\/uploads\/sites\/7\/2023\/11\/Washerwoman-Portico-150x113.jpg 150w\" sizes=\"(max-width: 1280px) 100vw, 1280px\" \/><\/figure>\n\n\n\n<p>The Washerwoman Portico was the entrance to the gardens of Casa Larrard, a mansion that was briefly G\u00fcell\u2019s home before it became a school in 1931. What\u2019s cool about this structure is that it was designed to mimic an ocean wave with slanting pillars and statues of unworked stone that blend with the surrounding natural landscape.<\/p>\n\n\n\n\t<section class=\"bannerPromo\">\n\t\t<div class=\"container\">\n\n\t\t\t<!-- section heading  -->\n\t\t\t\n\t\t\t<!-- section banners -->\n\t\t\t<div class=\"bannerPromo__wrapper gallery__main\">\n\t\t\t\t\n\t\t\t\t<div class=\"bannerPromo__items \">\n\t\t\t\t\t\t<div class=\"bannerPromo__card theme-default \">\n\t\t<div class=\"bannerPromo__cover\">\n\t\t\t<img decoding=\"async\" class=\"bigCircle\" src=\"https:\/\/www.exp1.com\/wp-content\/uploads\/sites\/7\/2023\/11\/Barcelona-Architecture-Walking-Tour-With-Casa-Batllo-Upgrade-500x440.jpeg\" srcset=\"\" sizes=\"(max-width: 500px) 100vw, 500px\" alt=\"Barcelona Architecture Walking Tour With Casa Batllo\u0301 Upgrade\" loading=\"lazy\"\/>\n\t\t\t<img decoding=\"async\" class=\"smallCircle\" src=\"https:\/\/www.exp1.com\/wp-content\/uploads\/sites\/7\/2023\/11\/Barcelona-Architecture-Walking-Tour-With-Casa-Batllo-Upgrade-1-250x250.jpeg\" srcset=\"https:\/\/www.exp1.com\/wp-content\/uploads\/sites\/7\/2023\/11\/Barcelona-Architecture-Walking-Tour-With-Casa-Batllo-Upgrade-1-250x250.jpeg 250w, https:\/\/www.exp1.com\/wp-content\/uploads\/sites\/7\/2023\/11\/Barcelona-Architecture-Walking-Tour-With-Casa-Batllo-Upgrade-1-150x150.jpeg 150w, https:\/\/www.exp1.com\/wp-content\/uploads\/sites\/7\/2023\/11\/Barcelona-Architecture-Walking-Tour-With-Casa-Batllo-Upgrade-1-500x500.jpeg 500w, https:\/\/www.exp1.com\/wp-content\/uploads\/sites\/7\/2023\/11\/Barcelona-Architecture-Walking-Tour-With-Casa-Batllo-Upgrade-1-125x125.jpeg 125w, https:\/\/www.exp1.com\/wp-content\/uploads\/sites\/7\/2023\/11\/Barcelona-Architecture-Walking-Tour-With-Casa-Batllo-Upgrade-1-100x100.jpeg 100w, https:\/\/www.exp1.com\/wp-content\/uploads\/sites\/7\/2023\/11\/Barcelona-Architecture-Walking-Tour-With-Casa-Batllo-Upgrade-1-96x96.jpeg 96w\" sizes=\"(max-width: 250px) 100vw, 250px\" alt=\"Barcelona Architecture Walking Tour With Casa Batllo\u0301 Upgrade\" loading=\"lazy\"\/>\n\t\t<\/div>\n\t\t<div class=\"bannerPromo__content\">\n\t\t\t\t\t\t\t<span class=\"bannerPromo__caption\">Designs by Gaud\u00ed and other Modernist masters<\/span>\n\t\t\t\n\t\t\t\t\t\t\t<p class=\"bannerPromo__title\">Barcelona Architecture Walking Tour With Casa Batll\u00f3 Upgrade<\/p>\n\t\t\t\n\t\t\t\n\t\t\t<a class=\"bannerPromo__link\" href=\"https:\/\/www.exp1.com\/barcelona-tours\/barcelona-architecture-walking-tour\/\" target=\"\">\n\t\t\t\tLearn More\t\t\t<\/a>\n\t\t<\/div>\n\t<\/div>\n\t\t\t\t<\/div>\n\t\t\t<\/div>\n\t\t<\/div>\n\t<\/section>\n\n\n\n\n<p>When walking through the portico, look closely at the columns to find a sculpture of a washerwoman carrying a basket of clothes above her head. &nbsp;<\/p>\n\n\n\n<h3 class=\"wp-block-heading\">5. The Three Viaducts&nbsp;<\/h3>\n\n\n\n<figure class=\"wp-block-image size-full\"><img loading=\"lazy\" decoding=\"async\" width=\"1920\" height=\"1440\" src=\"https:\/\/www.exp1.com\/blog\/wp-content\/uploads\/sites\/7\/2023\/11\/The-Three-Viaducts.jpg\" alt=\"The Three Viaducts\" class=\"wp-image-34446\" srcset=\"https:\/\/www.exp1.com\/wp-content\/uploads\/sites\/7\/2023\/11\/The-Three-Viaducts.jpg 1920w, https:\/\/www.exp1.com\/wp-content\/uploads\/sites\/7\/2023\/11\/The-Three-Viaducts-300x225.jpg 300w, https:\/\/www.exp1.com\/wp-content\/uploads\/sites\/7\/2023\/11\/The-Three-Viaducts-1024x768.jpg 1024w, https:\/\/www.exp1.com\/wp-content\/uploads\/sites\/7\/2023\/11\/The-Three-Viaducts-768x576.jpg 768w, https:\/\/www.exp1.com\/wp-content\/uploads\/sites\/7\/2023\/11\/The-Three-Viaducts-1536x1152.jpg 1536w, https:\/\/www.exp1.com\/wp-content\/uploads\/sites\/7\/2023\/11\/The-Three-Viaducts-500x375.jpg 500w, https:\/\/www.exp1.com\/wp-content\/uploads\/sites\/7\/2023\/11\/The-Three-Viaducts-400x300.jpg 400w, https:\/\/www.exp1.com\/wp-content\/uploads\/sites\/7\/2023\/11\/The-Three-Viaducts-160x120.jpg 160w, https:\/\/www.exp1.com\/wp-content\/uploads\/sites\/7\/2023\/11\/The-Three-Viaducts-150x113.jpg 150w\" sizes=\"(max-width: 1920px) 100vw, 1920px\" \/><\/figure>\n\n\n\n<p>Gaud\u00ed created a system of viaduct paths to easily connect the different levels of the park. In addition to the Washerwoman Portico, there are three viaducts \u2014 one high, one medium, one low \u2014 that Gaud\u00ed integrated into the rocky terrain.&nbsp;<\/p>\n\n\n\n<p>While they were originally designed to enable people and cars to move around safely, today they make beautiful walking paths for visitors to stroll on.&nbsp;<\/p>\n\n\n\n<h3 class=\"wp-block-heading\">6. The Austria Gardens and Gaud\u00ed\u2019s House<\/h3>\n\n\n\n<figure class=\"wp-block-image size-full\"><img loading=\"lazy\" decoding=\"async\" width=\"1280\" height=\"719\" src=\"https:\/\/www.exp1.com\/blog\/wp-content\/uploads\/sites\/7\/2023\/11\/The-Austria-Gardens-and-Gaudis-House.jpg\" alt=\"The Austria Gardens and Gaudi\u0301\u2019s House\" class=\"wp-image-34447\" srcset=\"https:\/\/www.exp1.com\/wp-content\/uploads\/sites\/7\/2023\/11\/The-Austria-Gardens-and-Gaudis-House.jpg 1280w, https:\/\/www.exp1.com\/wp-content\/uploads\/sites\/7\/2023\/11\/The-Austria-Gardens-and-Gaudis-House-300x169.jpg 300w, https:\/\/www.exp1.com\/wp-content\/uploads\/sites\/7\/2023\/11\/The-Austria-Gardens-and-Gaudis-House-1024x575.jpg 1024w, https:\/\/www.exp1.com\/wp-content\/uploads\/sites\/7\/2023\/11\/The-Austria-Gardens-and-Gaudis-House-768x431.jpg 768w, https:\/\/www.exp1.com\/wp-content\/uploads\/sites\/7\/2023\/11\/The-Austria-Gardens-and-Gaudis-House-500x281.jpg 500w, https:\/\/www.exp1.com\/wp-content\/uploads\/sites\/7\/2023\/11\/The-Austria-Gardens-and-Gaudis-House-160x90.jpg 160w, https:\/\/www.exp1.com\/wp-content\/uploads\/sites\/7\/2023\/11\/The-Austria-Gardens-and-Gaudis-House-150x84.jpg 150w\" sizes=\"(max-width: 1280px) 100vw, 1280px\" \/><\/figure>\n\n\n\n<p>Not only do the Austria Gardens have many different types of plants to take pleasure in, but they also offer you a great view of both Gaud\u00ed\u2019s and G\u00fcell\u2019s homes.<\/p>\n\n\n\n<figure class=\"wp-block-image size-full\"><img loading=\"lazy\" decoding=\"async\" width=\"1280\" height=\"960\" src=\"https:\/\/www.exp1.com\/blog\/wp-content\/uploads\/sites\/7\/2023\/11\/The-Austria-Gardens-and-Gaudis-House-1.jpg\" alt=\"The Austria Gardens and Gaudi\u0301\u2019s House\" class=\"wp-image-34448\" srcset=\"https:\/\/www.exp1.com\/wp-content\/uploads\/sites\/7\/2023\/11\/The-Austria-Gardens-and-Gaudis-House-1.jpg 1280w, https:\/\/www.exp1.com\/wp-content\/uploads\/sites\/7\/2023\/11\/The-Austria-Gardens-and-Gaudis-House-1-300x225.jpg 300w, https:\/\/www.exp1.com\/wp-content\/uploads\/sites\/7\/2023\/11\/The-Austria-Gardens-and-Gaudis-House-1-1024x768.jpg 1024w, https:\/\/www.exp1.com\/wp-content\/uploads\/sites\/7\/2023\/11\/The-Austria-Gardens-and-Gaudis-House-1-768x576.jpg 768w, https:\/\/www.exp1.com\/wp-content\/uploads\/sites\/7\/2023\/11\/The-Austria-Gardens-and-Gaudis-House-1-500x375.jpg 500w, https:\/\/www.exp1.com\/wp-content\/uploads\/sites\/7\/2023\/11\/The-Austria-Gardens-and-Gaudis-House-1-400x300.jpg 400w, https:\/\/www.exp1.com\/wp-content\/uploads\/sites\/7\/2023\/11\/The-Austria-Gardens-and-Gaudis-House-1-160x120.jpg 160w, https:\/\/www.exp1.com\/wp-content\/uploads\/sites\/7\/2023\/11\/The-Austria-Gardens-and-Gaudis-House-1-150x113.jpg 150w\" sizes=\"(max-width: 1280px) 100vw, 1280px\" \/><\/figure>\n\n\n\n<p>Gaud\u00ed\u2019s house, which he moved into with his father and niece in 1906, is now a museum that aims to show visitors the architect\u2019s religious side. The rooms have been recreated to display his personal items, which give us a better sense of who the man was, not just the artist.&nbsp;<\/p>\n\n\n\n<p><strong>To know<\/strong>: The Gaud\u00ed House Museum requires a separate ticket from your visit to the park. You can consider <a href=\"https:\/\/www.exp1.com\/barcelona-tours\/sagrada-familia-tour\/\">combining your visit with a tour of the Sagrada Fam\u00edlia<\/a>.&nbsp;<\/p>\n\n\n\n<h2 class=\"wp-block-heading\">Planning your visit to Park G\u00fcell<\/h2>\n\n\n\n<figure class=\"wp-block-image size-full\"><img loading=\"lazy\" decoding=\"async\" width=\"1280\" height=\"719\" src=\"https:\/\/www.exp1.com\/blog\/wp-content\/uploads\/sites\/7\/2023\/11\/Park-Guell.jpg\" alt=\"Park Gu\u0308ell\" class=\"wp-image-34449\" srcset=\"https:\/\/www.exp1.com\/wp-content\/uploads\/sites\/7\/2023\/11\/Park-Guell.jpg 1280w, https:\/\/www.exp1.com\/wp-content\/uploads\/sites\/7\/2023\/11\/Park-Guell-300x169.jpg 300w, https:\/\/www.exp1.com\/wp-content\/uploads\/sites\/7\/2023\/11\/Park-Guell-1024x575.jpg 1024w, https:\/\/www.exp1.com\/wp-content\/uploads\/sites\/7\/2023\/11\/Park-Guell-768x431.jpg 768w, https:\/\/www.exp1.com\/wp-content\/uploads\/sites\/7\/2023\/11\/Park-Guell-500x281.jpg 500w, https:\/\/www.exp1.com\/wp-content\/uploads\/sites\/7\/2023\/11\/Park-Guell-160x90.jpg 160w, https:\/\/www.exp1.com\/wp-content\/uploads\/sites\/7\/2023\/11\/Park-Guell-150x84.jpg 150w\" sizes=\"(max-width: 1280px) 100vw, 1280px\" \/><\/figure>\n\n\n\n<h3 class=\"wp-block-heading\">Where is Park G\u00fcell located?&nbsp;<\/h3>\n\n\n\n<p>Park G\u00fcell is located in the Gr\u00e0cia district, surrounded by the neighborhoods El Coll, La Salut, Vallcarca i els Penitents, and El Carmel. For the 76,000 people who live in the surrounding area, the park is a green escape from urban life.<\/p>\n\n\n\n\t<section class=\"bannerPromo\">\n\t\t<div class=\"container\">\n\n\t\t\t<!-- section heading  -->\n\t\t\t\n\t\t\t<!-- section banners -->\n\t\t\t<div class=\"bannerPromo__wrapper gallery__main\">\n\t\t\t\t\n\t\t\t\t<div class=\"bannerPromo__items \">\n\t\t\t\t\t\t<div class=\"bannerPromo__card theme-default \">\n\t\t<div class=\"bannerPromo__cover\">\n\t\t\t<img decoding=\"async\" class=\"bigCircle\" src=\"https:\/\/www.exp1.com\/wp-content\/uploads\/sites\/7\/2023\/11\/quares-of-Gracia-Barcelona-Walking-Tour-500x500.jpeg\" srcset=\"https:\/\/www.exp1.com\/wp-content\/uploads\/sites\/7\/2023\/11\/quares-of-Gracia-Barcelona-Walking-Tour-500x500.jpeg 500w, https:\/\/www.exp1.com\/wp-content\/uploads\/sites\/7\/2023\/11\/quares-of-Gracia-Barcelona-Walking-Tour-150x150.jpeg 150w, https:\/\/www.exp1.com\/wp-content\/uploads\/sites\/7\/2023\/11\/quares-of-Gracia-Barcelona-Walking-Tour-250x250.jpeg 250w, https:\/\/www.exp1.com\/wp-content\/uploads\/sites\/7\/2023\/11\/quares-of-Gracia-Barcelona-Walking-Tour-125x125.jpeg 125w, https:\/\/www.exp1.com\/wp-content\/uploads\/sites\/7\/2023\/11\/quares-of-Gracia-Barcelona-Walking-Tour-100x100.jpeg 100w, https:\/\/www.exp1.com\/wp-content\/uploads\/sites\/7\/2023\/11\/quares-of-Gracia-Barcelona-Walking-Tour-96x96.jpeg 96w\" sizes=\"(max-width: 500px) 100vw, 500px\" alt=\"Squares of Gra\u0300cia Barcelona Walking Tour\" loading=\"lazy\"\/>\n\t\t\t<img decoding=\"async\" class=\"smallCircle\" src=\"https:\/\/www.exp1.com\/wp-content\/uploads\/sites\/7\/2023\/11\/quares-of-Gracia-Barcelona-Walking-Tour-1-250x250.jpeg\" srcset=\"https:\/\/www.exp1.com\/wp-content\/uploads\/sites\/7\/2023\/11\/quares-of-Gracia-Barcelona-Walking-Tour-1-250x250.jpeg 250w, https:\/\/www.exp1.com\/wp-content\/uploads\/sites\/7\/2023\/11\/quares-of-Gracia-Barcelona-Walking-Tour-1-150x150.jpeg 150w, https:\/\/www.exp1.com\/wp-content\/uploads\/sites\/7\/2023\/11\/quares-of-Gracia-Barcelona-Walking-Tour-1-125x125.jpeg 125w, https:\/\/www.exp1.com\/wp-content\/uploads\/sites\/7\/2023\/11\/quares-of-Gracia-Barcelona-Walking-Tour-1-100x100.jpeg 100w, https:\/\/www.exp1.com\/wp-content\/uploads\/sites\/7\/2023\/11\/quares-of-Gracia-Barcelona-Walking-Tour-1-96x96.jpeg 96w\" sizes=\"(max-width: 250px) 100vw, 250px\" alt=\"Squares of Gra\u0300cia Barcelona Walking Tour\" loading=\"lazy\"\/>\n\t\t<\/div>\n\t\t<div class=\"bannerPromo__content\">\n\t\t\t\t\t\t\t<span class=\"bannerPromo__caption\">A journey through revolutions<\/span>\n\t\t\t\n\t\t\t\t\t\t\t<p class=\"bannerPromo__title\">Squares of Gr\u00e0cia Barcelona Walking Tour: Women and Revolution<\/p>\n\t\t\t\n\t\t\t\n\t\t\t<a class=\"bannerPromo__link\" href=\"https:\/\/www.exp1.com\/barcelona-tours\/gracia-barcelona-walking-tour\/\" target=\"\">\n\t\t\t\tLearn More\t\t\t<\/a>\n\t\t<\/div>\n\t<\/div>\n\t\t\t\t<\/div>\n\t\t\t<\/div>\n\t\t<\/div>\n\t<\/section>\n\n\n\n\n<h3 class=\"wp-block-heading\">What are the hours for Park G\u00fcell?<\/h3>\n\n\n\n<p>The park opens at 9:30 a.m. all year round, but the last time to access the park varies by season. Check the Park G\u00fcell <a href=\"https:\/\/parkguell.barcelona\/en\/planning-your-visit\/prices-and-times?q=en\/planning-your-visit\/prices-and-times\" target=\"_blank\" rel=\"noreferrer noopener\">website<\/a> for the most up-to-date information.&nbsp;<\/p>\n\n\n\n<h3 class=\"wp-block-heading\">How do I reserve tickets for Park G\u00fcell?<\/h3>\n\n\n\n<p>A limited number of visitors can enter Park G\u00fcell a day, so tickets must be reserved ahead of time. General admission (\u20ac10) and guided tour (\u20ac22) tickets give you access to the areas of the park where Gaud\u00ed\u2019s famous works are located. Children under 7 enter for free, and children 7-12 and senior citizens pay \u20ac7 for general admission.&nbsp;<\/p>\n\n\n\n<p>Learn more about all the ticket options <a rel=\"noreferrer noopener\" href=\"https:\/\/parkguell.barcelona\/en\/buy-tickets\" target=\"_blank\">on the Park G\u00fcell website<\/a>.<\/p>\n\n\n\n<h3 class=\"wp-block-heading\">Do I have to visit Park G\u00fcell at my assigned time?&nbsp;<\/h3>\n\n\n\n<p>Yes, you must arrive at the park entrance at your scheduled time. You won\u2019t be allowed to visit outside the time stated on your ticket.&nbsp;<\/p>\n\n\n\n<h3 class=\"wp-block-heading\">How long should I visit Park G\u00fcell?<\/h3>\n\n\n\n<p>Once you&#8217;re inside the park, you can spend as much time going through it as you need. With a general admission ticket, three hours is a good amount of time to see the best of Park G\u00fcell.<\/p>\n\n\n\n<h2 class=\"wp-block-heading\">Can\u2019t get enough Gaud\u00ed?<\/h2>\n\n\n\n<figure class=\"wp-block-image size-large\"><img loading=\"lazy\" decoding=\"async\" width=\"1024\" height=\"576\" src=\"https:\/\/www.exp1.com\/blog\/wp-content\/uploads\/sites\/7\/2023\/11\/Park-Guell-1-1024x576.jpg\" alt=\"Park Gu\u0308ell\" class=\"wp-image-34452\" srcset=\"https:\/\/www.exp1.com\/wp-content\/uploads\/sites\/7\/2023\/11\/Park-Guell-1-1024x576.jpg 1024w, https:\/\/www.exp1.com\/wp-content\/uploads\/sites\/7\/2023\/11\/Park-Guell-1-300x169.jpg 300w, https:\/\/www.exp1.com\/wp-content\/uploads\/sites\/7\/2023\/11\/Park-Guell-1-768x432.jpg 768w, https:\/\/www.exp1.com\/wp-content\/uploads\/sites\/7\/2023\/11\/Park-Guell-1-500x281.jpg 500w, https:\/\/www.exp1.com\/wp-content\/uploads\/sites\/7\/2023\/11\/Park-Guell-1-160x90.jpg 160w, https:\/\/www.exp1.com\/wp-content\/uploads\/sites\/7\/2023\/11\/Park-Guell-1-150x84.jpg 150w, https:\/\/www.exp1.com\/wp-content\/uploads\/sites\/7\/2023\/11\/Park-Guell-1.jpg 1280w\" sizes=\"(max-width: 1024px) 100vw, 1024px\" \/><\/figure>\n\n\n\n<p>Don\u2019t just stop at Park G\u00fcell \u2014 there are so many places to see Gaud\u00ed\u2019s architecture around Barcelona, and any of our popular walking tours will help you make the most of your experience.&nbsp;<\/p>\n\n\n\n<p>From discovering the secret facades of the Sagrada Familia to comparing the unique architectural styles of all of Gaud\u00ed\u2019s houses, you\u2019ll get a deep dive into the Catalan architect\u2019s work from a local expert.&nbsp;<\/p>\n\n\n\n<p>Choose from or combine any of our tours covering architecture or the neighborhood of Park G\u00fcell.<\/p>\n\n\n\n<ul>\n<li><a href=\"https:\/\/www.exp1.com\/barcelona-tours\/barcelona-architecture-walking-tour\/\">Barcelona Architecture Walking Tour With Casa Batll\u00f3 Upgrade<\/a><\/li>\n\n\n\n<li><a href=\"https:\/\/www.exp1.com\/barcelona-tours\/gracia-barcelona-walking-tour\/\">Squares of Gr\u00e0cia Barcelona Walking Tour<\/a><\/li>\n\n\n\n<li><a href=\"https:\/\/www.exp1.com\/barcelona-tours\/sagrada-familia-outdoor-walking-tour\/\">Sagrada Fam\u00edlia Outdoor Walking Tour<\/a><\/li>\n\n\n\n<li><a href=\"https:\/\/www.exp1.com\/barcelona-tours\/sagrada-familia-tour\/\">Sagrada Fam\u00edlia Outdoor Walking Tour With Entry<\/a>&nbsp;<\/li>\n<\/ul>\n","protected":false},"excerpt":{"rendered":"<p>Planning to visit Park G\u00fcell on your trip to Barcelona? It\u2019s a must-see in the city, and this guide will help you know what to look for in this architectural playground and understand why it\u2019s important. If you like this post, I highly recommend to check out some guided tours of Barcelona. But first off,<\/p>\n","protected":false},"author":75,"featured_media":34431,"comment_status":"closed","ping_status":"closed","sticky":false,"template":"","format":"standard","meta":{"_acf_changed":false,"footnotes":""},"categories":[785],"tags":[],"acf":[],"_links":{"self":[{"href":"https:\/\/www.exp1.com\/blog\/wp-json\/wp\/v2\/posts\/34430"}],"collection":[{"href":"https:\/\/www.exp1.com\/blog\/wp-json\/wp\/v2\/posts"}],"about":[{"href":"https:\/\/www.exp1.com\/blog\/wp-json\/wp\/v2\/types\/post"}],"author":[{"embeddable":true,"href":"https:\/\/www.exp1.com\/blog\/wp-json\/wp\/v2\/users\/75"}],"replies":[{"embeddable":true,"href":"https:\/\/www.exp1.com\/blog\/wp-json\/wp\/v2\/comments?post=34430"}],"version-history":[{"count":15,"href":"https:\/\/www.exp1.com\/blog\/wp-json\/wp\/v2\/posts\/34430\/revisions"}],"predecessor-version":[{"id":38160,"href":"https:\/\/www.exp1.com\/blog\/wp-json\/wp\/v2\/posts\/34430\/revisions\/38160"}],"wp:featuredmedia":[{"embeddable":true,"href":"https:\/\/www.exp1.com\/blog\/wp-json\/wp\/v2\/media\/34431"}],"wp:attachment":[{"href":"https:\/\/www.exp1.com\/blog\/wp-json\/wp\/v2\/media?parent=34430"}],"wp:term":[{"taxonomy":"category","embeddable":true,"href":"https:\/\/www.exp1.com\/blog\/wp-json\/wp\/v2\/categories?post=34430"},{"taxonomy":"post_tag","embeddable":true,"href":"https:\/\/www.exp1.com\/blog\/wp-json\/wp\/v2\/tags?post=34430"}],"curies":[{"name":"wp","href":"https:\/\/api.w.org\/{rel}","templated":true}]}}